{"id":119,"date":"2008-09-24T08:24:48","date_gmt":"2008-09-24T07:24:48","guid":{"rendered":"http:\/\/www.psu-saarland.de\/?p=119"},"modified":"2014-04-21T18:40:33","modified_gmt":"2014-04-21T17:40:33","slug":"zehn-jahre-notfall-seelsorge-in-zweibrucken","status":"publish","type":"post","link":"https:\/\/notfallseelsorge.saarland\/index.php\/blog\/allgemein\/zehn-jahre-notfall-seelsorge-in-zweibrucken\/","title":{"rendered":"Zehn Jahre Notfall-Seelsorge in Zweibr\u00fccken"},"content":{"rendered":"<p>\u00a0<\/p>\n<p class=\"MsoNormal\" style=\"normal;\"><span style=\"11.0pt;\">In der Region Saar-Pfalz feiert das Notfallseelsorgesystem Zweibr\u00fccken 10-j\u00e4hriges Bestehen. Bevor es im saarl\u00e4ndischen Saarpfalz-Kreis eine eigene Einsatzgruppe gab, half die Notfallseelsorge Zweibr\u00fccken grenz\u00fcberschreitend aus. Zur Jubil\u00e4umsveranstaltung sind die Mitarbeiter und Vertreter der &#8222;Notfallseelsorge und Krisenintervention Saar&#8220; (NKS)\u00a0herzlich eingeladen.<\/span><\/p>\n<p class=\"MsoNormal\" style=\"normal;\"><span style=\"11.0pt;\">\u00a0<\/span><\/p>\n<p class=\"MsoNormal\" style=\"normal;\"><span style=\"11.0pt;\">Ein Vorbericht erschien am 20.09.08 im \u201ePf\u00e4lzischer Merkur\u201c:<\/span><\/p>\n<p class=\"MsoNormal\" style=\"normal;\"><span style=\"&quot;Arial&quot;,&quot;sans-serif&quot;;\">\u00a0<\/span><\/p>\n<p class=\"MsoNormal\" style=\"normal\">\u00a0<\/p>\n<h3><span style=\"'Arial','sans-serif';\">Jubil\u00e4umsgottesdienst am 25. September <\/span><\/h3>\n<h4><span style=\"'Arial','sans-serif';\">Das zehnj\u00e4hrige Bestehen der Notfall-Seelsorge in Zweibr\u00fccken wird am 25. September begangen. Auf dem Programm stehen ein Gottesdienst in der Alexanders- und ein Empfang im Foyer der Karlskirche. <\/span><\/h4>\n<p style=\"0cm 0cm 0pt\"><strong><span style=\"'Arial','sans-serif';\">Zweibr\u00fccken.<\/span><\/strong><span style=\"'Arial','sans-serif';\"> Seit zehn Jahren leistet in Zweibr\u00fccken und Umgebung die Notfall-Seelsorge erste Hilfe f\u00fcr die Seele. Bei Unf\u00e4llen, Suizid, erfolgloser Reanimation, \u00dcberbringen einer Todesnachricht, wenn Menschen von einer Minute zur anderen in eine existenzielle Krise gest\u00fcrzt werden, leisten die Seelsorger \u00fcberkonfessionell seelischen Beistand. Die Notfall-Seelsorge arbeitet eng mit der Feuerwehr, der Polizei und den Rettungsdiensten zusammen und wird \u00fcber Feuerwehrpiepser oder Alarmhandy alarmiert. Ein Dienstplan sichert rund um die Uhr die Abk\u00f6mmlichkeit eines der Seelsorgerinnen und Seelsorger, die alle im Ehrenamt neben ihrer sonstigen T\u00e4tigkeit diesen Dienst tun. Seit diesem Jahr werden alle evangelischen Notfallseelsorger durch die Evangelische Kirche der Pfalz in diesen Dienst berufen. Dabei wird auf Qualifizierung durch Fortbildung geachtet. Koordinatorin der Notfall-Seelsorge Zweibr\u00fccken ist Ellen Hoffmann aus Hornbach. Die Zweibr\u00fccker Notfallseelsorge feiert ihr zehnj\u00e4hriges Jubil\u00e4um am Donnerstag, 25. September mit einem Gottesdienst um 20 Uhr in der Alexanderskirche. Davor wird ab 19 Uhr zu einem Empfang im Foyer der Karlskirche eingeladen. Vertreter des Landes, des Landkreises, der Stadt und der Kirchen, sowie der Feuerwehr, der Polizei, und des Rettungsdienstes haben ihr Kommen zugesagt und werden zusammen mit dem Notfall-Seelsorgeteam den Gottesdienst gestalten beziehungsweise nach dem Gottesdienst ihre Gr\u00fc\u00dfe \u00fcbermitteln. Im Zentrum des Gottesdienstes soll der bisherigen Eins\u00e4tze gedacht werden. Zum Gedenken an die Betroffenen und an den Dienst der Helfer werden Kerzen angez\u00fcndet. Dekan Peter Butz wird eine Kurzpredigt halten. Zu dem Gottesdienst l\u00e4dt das Team der Notfall-Seelsorgerinnen und Notfall-Seelsorger ein. <em>red <\/em><\/span><\/p>\n","protected":false},"excerpt":{"rendered":"<p>\u00a0 In der Region Saar-Pfalz feiert das Notfallseelsorgesystem Zweibr\u00fccken 10-j\u00e4hriges Bestehen. Bevor es im saarl\u00e4ndischen Saarpfalz-Kreis eine eigene Einsatzgruppe gab, half die Notfallseelsorge Zweibr\u00fccken grenz\u00fcberschreitend aus. Zur Jubil\u00e4umsveranstaltung sind die Mitarbeiter und Vertreter der &#8222;Notfallseelsorge und Krisenintervention Saar&#8220; (NKS)\u00a0herzlich eingeladen. \u00a0 Ein Vorbericht erschien am 20.09.08 im \u201ePf\u00e4lzischer Merkur\u201c: \u00a0 \u00a0 Jubil\u00e4umsgottesdienst am 25. September [&hellip;]<\/p>\n","protected":false},"author":3,"featured_media":0,"comment_status":"closed","ping_status":"open","sticky":false,"template":"","format":"standard","meta":{"_eb_attr":"","_uag_custom_page_level_css":"","site-sidebar-layout":"default","site-content-layout":"","ast-site-content-layout":"default","site-content-style":"default","site-sidebar-style":"default","ast-global-header-display":"","ast-banner-title-visibility":"","ast-main-header-display":"","ast-hfb-above-header-display":"","ast-hfb-below-header-display":"","ast-hfb-mobile-header-display":"","site-post-title":"","ast-breadcrumbs-content":"","ast-featured-img":"","footer-sml-layout":"","theme-transparent-header-meta":"","adv-header-id-meta":"","stick-header-meta":"","header-above-stick-meta":"","header-main-stick-meta":"","header-below-stick-meta":"","astra-migrate-meta-layouts":"default","ast-page-background-enabled":"default","ast-page-background-meta":{"desktop":{"background-color":"var(--ast-global-color-4)","background-image":"","background-repeat":"repeat","background-position":"center center","background-size":"auto","background-attachment":"scroll","background-type":"","background-media":"","overlay-type":"","overlay-color":"","overlay-opacity":"","overlay-gradient":""},"tablet":{"background-color":"","background-image":"","background-repeat":"repeat","background-position":"center center","background-size":"auto","background-attachment":"scroll","background-type":"","background-media":"","overlay-type":"","overlay-color":"","overlay-opacity":"","overlay-gradient":""},"mobile":{"background-color":"","background-image":"","background-repeat":"repeat","background-position":"center center","background-size":"auto","background-attachment":"scroll","background-type":"","background-media":"","overlay-type":"","overlay-color":"","overlay-opacity":"","overlay-gradient":""}},"ast-content-background-meta":{"desktop":{"background-color":"var(--ast-global-color-5)","background-image":"","background-repeat":"repeat","background-position":"center center","background-size":"auto","background-attachment":"scroll","background-type":"","background-media":"","overlay-type":"","overlay-color":"","overlay-opacity":"","overlay-gradient":""},"tablet":{"background-color":"var(--ast-global-color-5)","background-image":"","background-repeat":"repeat","background-position":"center center","background-size":"auto","background-attachment":"scroll","background-type":"","background-media":"","overlay-type":"","overlay-color":"","overlay-opacity":"","overlay-gradient":""},"mobile":{"background-color":"var(--ast-global-color-5)","background-image":"","background-repeat":"repeat","background-position":"center center","background-size":"auto","background-attachment":"scroll","background-type":"","background-media":"","overlay-type":"","overlay-color":"","overlay-opacity":"","overlay-gradient":""}},"footnotes":""},"categories":[1],"tags":[41,42,39,31,40],"class_list":["post-119","post","type-post","status-publish","format-standard","hentry","category-allgemein","tag-gottesdienst","tag-jubilaum","tag-saar-pfalz","tag-saarpfalz-kreis","tag-zweibrucken"],"uagb_featured_image_src":{"full":false,"thumbnail":false,"medium":false,"medium_large":false,"large":false,"1536x1536":false,"2048x2048":false},"uagb_author_info":{"display_name":"Olaf Riebes","author_link":"https:\/\/notfallseelsorge.saarland\/index.php\/author\/olaf\/"},"uagb_comment_info":0,"uagb_excerpt":"\u00a0 In der Region Saar-Pfalz feiert das Notfallseelsorgesystem Zweibr\u00fccken 10-j\u00e4hriges Bestehen. Bevor es im saarl\u00e4ndischen Saarpfalz-Kreis eine eigene Einsatzgruppe gab, half die Notfallseelsorge Zweibr\u00fccken grenz\u00fcberschreitend aus. Zur Jubil\u00e4umsveranstaltung sind die Mitarbeiter und Vertreter der &#8222;Notfallseelsorge und Krisenintervention Saar&#8220; (NKS)\u00a0herzlich eingeladen. \u00a0 Ein Vorbericht erschien am 20.09.08 im \u201ePf\u00e4lzischer Merkur\u201c: \u00a0 \u00a0 Jubil\u00e4umsgottesdienst am 25. September&hellip;","_links":{"self":[{"href":"https:\/\/notfallseelsorge.saarland\/index.php\/wp-json\/wp\/v2\/posts\/119","targetHints":{"allow":["GET"]}}],"collection":[{"href":"https:\/\/notfallseelsorge.saarland\/index.php\/wp-json\/wp\/v2\/posts"}],"about":[{"href":"https:\/\/notfallseelsorge.saarland\/index.php\/wp-json\/wp\/v2\/types\/post"}],"author":[{"embeddable":true,"href":"https:\/\/notfallseelsorge.saarland\/index.php\/wp-json\/wp\/v2\/users\/3"}],"replies":[{"embeddable":true,"href":"https:\/\/notfallseelsorge.saarland\/index.php\/wp-json\/wp\/v2\/comments?post=119"}],"version-history":[{"count":5,"href":"https:\/\/notfallseelsorge.saarland\/index.php\/wp-json\/wp\/v2\/posts\/119\/revisions"}],"predecessor-version":[{"id":256,"href":"https:\/\/notfallseelsorge.saarland\/index.php\/wp-json\/wp\/v2\/posts\/119\/revisions\/256"}],"wp:attachment":[{"href":"https:\/\/notfallseelsorge.saarland\/index.php\/wp-json\/wp\/v2\/media?parent=119"}],"wp:term":[{"taxonomy":"category","embeddable":true,"href":"https:\/\/notfallseelsorge.saarland\/index.php\/wp-json\/wp\/v2\/categories?post=119"},{"taxonomy":"post_tag","embeddable":true,"href":"https:\/\/notfallseelsorge.saarland\/index.php\/wp-json\/wp\/v2\/tags?post=119"}],"curies":[{"name":"wp","href":"https:\/\/api.w.org\/{rel}","templated":true}]}}