{"id":1580,"date":"2017-08-25T22:01:54","date_gmt":"2017-08-25T21:01:54","guid":{"rendered":"http:\/\/www.psnv-saarland.de\/?p=1580"},"modified":"2017-08-25T22:01:54","modified_gmt":"2017-08-25T21:01:54","slug":"neuer-vorstand-gewaehlt","status":"publish","type":"post","link":"https:\/\/notfallseelsorge.saarland\/index.php\/blog\/pressearbeit\/neuer-vorstand-gewaehlt\/","title":{"rendered":"Neuer Vorstand gew\u00e4hlt"},"content":{"rendered":"<p>Alle zwei Jahre stehen in unserem Verein die Neuwahlen an. Auch 2017 ist f\u00fcr uns ein Wahl-Jahr. Das Ergebnis ist f\u00fcr die Mitglieder nicht \u00fcberraschend und doch neu. Ein Generationenwechsel wurde vom Vorstand bereits 2015 angek\u00fcndigt.<\/p>\n<p><!--more--><\/p>\n<figure id=\"attachment_1582\" aria-describedby=\"caption-attachment-1582\" style=\"width: 300px\" class=\"wp-caption alignright\"><a href=\"https:\/\/notfallseelsorge.saarland\/wp-content\/uploads\/3F3A1918.jpg\"><img loading=\"lazy\" decoding=\"async\" class=\"wp-image-1582 size-medium\" src=\"https:\/\/notfallseelsorge.saarland\/wp-content\/uploads\/3F3A1918-300x200.jpg\" alt=\"\" width=\"300\" height=\"200\" srcset=\"https:\/\/notfallseelsorge.saarland\/wp-content\/uploads\/3F3A1918-300x200.jpg 300w, https:\/\/notfallseelsorge.saarland\/wp-content\/uploads\/3F3A1918.jpg 600w\" sizes=\"auto, (max-width: 300px) 100vw, 300px\" \/><\/a><figcaption id=\"caption-attachment-1582\" class=\"wp-caption-text\">Der neu gew\u00e4hlte Vorstand<\/figcaption><\/figure>\n<p>Zu besetzen waren in der Mitgliederversammlung am 24. August 2017 alle drei Stellen der Vorsitzenden. Die stimmberechtigten Delegierten der Kreise und Bezirke sowie die aktuellen Inhaber der neu zu besetzenden Stellen, w\u00e4hlten satzungsgem\u00e4\u00df mit einfacher Mehrheit:<\/p>\n<p>Olaf Riebes als Kassenwart und 3. Vorsitzenden (wieder gew\u00e4hlt)<\/p>\n<p>Monika Wittor als 2. Vorsitzende<\/p>\n<p>und Hans Christian Schuh als 1. Vorsitzenden<\/p>\n<p>Sie \u00fcbernehmen die Amtsgesch\u00e4fte nach der Entlastung und Verabschiedung des bisherigen Vorstandes in der Mitgliederversammlung am 20. November sowie der obligatorischen Eintragung ins Register des Saarbr\u00fccker Amtsgerichtes.<\/p>\n<p>Wir gratulieren zur Wahl und freuen uns auf die n\u00e4chsten Jahre unter der Leitung der &#8222;Nachwuchsgeneration&#8220;.<\/p>\n","protected":false},"excerpt":{"rendered":"<p>Alle zwei Jahre stehen in unserem Verein die Neuwahlen an. Auch 2017 ist f\u00fcr uns ein Wahl-Jahr. Das Ergebnis ist f\u00fcr die Mitglieder nicht \u00fcberraschend und doch neu. Ein Generationenwechsel wurde vom Vorstand bereits 2015 angek\u00fcndigt.<\/p>\n","protected":false},"author":5,"featured_media":0,"comment_status":"closed","ping_status":"open","sticky":false,"template":"","format":"standard","meta":{"_eb_attr":"","_uag_custom_page_level_css":"","site-sidebar-layout":"default","site-content-layout":"","ast-site-content-layout":"default","site-content-style":"default","site-sidebar-style":"default","ast-global-header-display":"","ast-banner-title-visibility":"","ast-main-header-display":"","ast-hfb-above-header-display":"","ast-hfb-below-header-display":"","ast-hfb-mobile-header-display":"","site-post-title":"","ast-breadcrumbs-content":"","ast-featured-img":"","footer-sml-layout":"","theme-transparent-header-meta":"","adv-header-id-meta":"","stick-header-meta":"","header-above-stick-meta":"","header-main-stick-meta":"","header-below-stick-meta":"","astra-migrate-meta-layouts":"default","ast-page-background-enabled":"default","ast-page-background-meta":{"desktop":{"background-color":"var(--ast-global-color-4)","background-image":"","background-repeat":"repeat","background-position":"center center","background-size":"auto","background-attachment":"scroll","background-type":"","background-media":"","overlay-type":"","overlay-color":"","overlay-opacity":"","overlay-gradient":""},"tablet":{"background-color":"","background-image":"","background-repeat":"repeat","background-position":"center center","background-size":"auto","background-attachment":"scroll","background-type":"","background-media":"","overlay-type":"","overlay-color":"","overlay-opacity":"","overlay-gradient":""},"mobile":{"background-color":"","background-image":"","background-repeat":"repeat","background-position":"center center","background-size":"auto","background-attachment":"scroll","background-type":"","background-media":"","overlay-type":"","overlay-color":"","overlay-opacity":"","overlay-gradient":""}},"ast-content-background-meta":{"desktop":{"background-color":"var(--ast-global-color-5)","background-image":"","background-repeat":"repeat","background-position":"center center","background-size":"auto","background-attachment":"scroll","background-type":"","background-media":"","overlay-type":"","overlay-color":"","overlay-opacity":"","overlay-gradient":""},"tablet":{"background-color":"var(--ast-global-color-5)","background-image":"","background-repeat":"repeat","background-position":"center center","background-size":"auto","background-attachment":"scroll","background-type":"","background-media":"","overlay-type":"","overlay-color":"","overlay-opacity":"","overlay-gradient":""},"mobile":{"background-color":"var(--ast-global-color-5)","background-image":"","background-repeat":"repeat","background-position":"center center","background-size":"auto","background-attachment":"scroll","background-type":"","background-media":"","overlay-type":"","overlay-color":"","overlay-opacity":"","overlay-gradient":""}},"footnotes":""},"categories":[110,6],"tags":[],"class_list":["post-1580","post","type-post","status-publish","format-standard","hentry","category-blog","category-pressearbeit"],"uagb_featured_image_src":{"full":false,"thumbnail":false,"medium":false,"medium_large":false,"large":false,"1536x1536":false,"2048x2048":false},"uagb_author_info":{"display_name":"Robert Kolatzek","author_link":"https:\/\/notfallseelsorge.saarland\/index.php\/author\/rk\/"},"uagb_comment_info":0,"uagb_excerpt":"Alle zwei Jahre stehen in unserem Verein die Neuwahlen an. Auch 2017 ist f\u00fcr uns ein Wahl-Jahr. Das Ergebnis ist f\u00fcr die Mitglieder nicht \u00fcberraschend und doch neu. Ein Generationenwechsel wurde vom Vorstand bereits 2015 angek\u00fcndigt.","_links":{"self":[{"href":"https:\/\/notfallseelsorge.saarland\/index.php\/wp-json\/wp\/v2\/posts\/1580","targetHints":{"allow":["GET"]}}],"collection":[{"href":"https:\/\/notfallseelsorge.saarland\/index.php\/wp-json\/wp\/v2\/posts"}],"about":[{"href":"https:\/\/notfallseelsorge.saarland\/index.php\/wp-json\/wp\/v2\/types\/post"}],"author":[{"embeddable":true,"href":"https:\/\/notfallseelsorge.saarland\/index.php\/wp-json\/wp\/v2\/users\/5"}],"replies":[{"embeddable":true,"href":"https:\/\/notfallseelsorge.saarland\/index.php\/wp-json\/wp\/v2\/comments?post=1580"}],"version-history":[{"count":3,"href":"https:\/\/notfallseelsorge.saarland\/index.php\/wp-json\/wp\/v2\/posts\/1580\/revisions"}],"predecessor-version":[{"id":1584,"href":"https:\/\/notfallseelsorge.saarland\/index.php\/wp-json\/wp\/v2\/posts\/1580\/revisions\/1584"}],"wp:attachment":[{"href":"https:\/\/notfallseelsorge.saarland\/index.php\/wp-json\/wp\/v2\/media?parent=1580"}],"wp:term":[{"taxonomy":"category","embeddable":true,"href":"https:\/\/notfallseelsorge.saarland\/index.php\/wp-json\/wp\/v2\/categories?post=1580"},{"taxonomy":"post_tag","embeddable":true,"href":"https:\/\/notfallseelsorge.saarland\/index.php\/wp-json\/wp\/v2\/tags?post=1580"}],"curies":[{"name":"wp","href":"https:\/\/api.w.org\/{rel}","templated":true}]}}