{"id":1736,"date":"2019-04-09T21:25:19","date_gmt":"2019-04-09T20:25:19","guid":{"rendered":"http:\/\/www.psnv-saarland.de\/?p=1736"},"modified":"2019-04-09T21:32:38","modified_gmt":"2019-04-09T20:32:38","slug":"1736","status":"publish","type":"post","link":"https:\/\/notfallseelsorge.saarland\/index.php\/blog\/1736\/","title":{"rendered":"Teilnahme an der \u00dcbung der Feuerwehren Saarbr\u00fccken-Ost"},"content":{"rendered":"<p><a href=\"https:\/\/notfallseelsorge.saarland\/wp-content\/uploads\/IMG-20190406-WA0059.jpg\"><img loading=\"lazy\" decoding=\"async\" class=\"alignright size-medium wp-image-1737\" src=\"https:\/\/notfallseelsorge.saarland\/wp-content\/uploads\/IMG-20190406-WA0059-300x225.jpg\" alt=\"\" width=\"300\" height=\"225\" srcset=\"https:\/\/notfallseelsorge.saarland\/wp-content\/uploads\/IMG-20190406-WA0059-300x225.jpg 300w, https:\/\/notfallseelsorge.saarland\/wp-content\/uploads\/IMG-20190406-WA0059-768x576.jpg 768w, https:\/\/notfallseelsorge.saarland\/wp-content\/uploads\/IMG-20190406-WA0059-1024x768.jpg 1024w, https:\/\/notfallseelsorge.saarland\/wp-content\/uploads\/IMG-20190406-WA0059.jpg 1600w\" sizes=\"auto, (max-width: 300px) 100vw, 300px\" \/><\/a>Am Samstag, 06.04.19 haben insgesamt 4 Mitglieder der NKS (1 Notfallseelsorger, 1 PSNV-Fachkraft, 2 Notfallbegleiterinnen) an der Tages\u00fcbung aller L\u00f6schbezirke im L\u00f6schabschnitt Saarbr\u00fccken-Ost teilgenommen.<\/p>\n<p>Die Freiwilligen Feuerwehren der L\u00f6schbezirke Scheidt, Schafbr\u00fccke, Bischmisheim, Brebach, G\u00fcdingen, B\u00fcbingen, Fechingen, Eschringen und Ensheim haben zwischen 08:00 &#8211; 13:30 Uhr insgesamt 23 verschiedene Einsatzszenarien abgearbeitet.<\/p>\n<p><!--more--><\/p>\n<p>Den Teilnehmern der Notfallseelsorge wurde eigens f\u00fcr diese \u00dcbung ein eigener MTW zur Verf\u00fcgung gestellt. Und so wurden wir dann auch an diesem Tag zu insgesamt 4 Eins\u00e4tzen zur Betreuung von Betroffenen angefordert.<\/p>\n<p><a href=\"https:\/\/notfallseelsorge.saarland\/wp-content\/uploads\/IMG-20190406-WA0027.jpg\"><img loading=\"lazy\" decoding=\"async\" class=\"alignright size-medium wp-image-1738\" src=\"https:\/\/notfallseelsorge.saarland\/wp-content\/uploads\/IMG-20190406-WA0027-300x225.jpg\" alt=\"\" width=\"300\" height=\"225\" srcset=\"https:\/\/notfallseelsorge.saarland\/wp-content\/uploads\/IMG-20190406-WA0027-300x225.jpg 300w, https:\/\/notfallseelsorge.saarland\/wp-content\/uploads\/IMG-20190406-WA0027-768x576.jpg 768w, https:\/\/notfallseelsorge.saarland\/wp-content\/uploads\/IMG-20190406-WA0027-1024x768.jpg 1024w, https:\/\/notfallseelsorge.saarland\/wp-content\/uploads\/IMG-20190406-WA0027.jpg 1600w\" sizes=\"auto, (max-width: 300px) 100vw, 300px\" \/><\/a>&#8211; Um 08:34 Uhr: Brand im Lagerbereich der Fa. Reisenauer, Schafbr\u00fccke 2 Personen aus Geb\u00e4ude gerettet<\/p>\n<p>&#8211; Um 10:01 Uhr: Brand 3 bei der Fa. Br\u00fcck in Ensheim 6 verletzte Personen im brennenden Geb\u00e4ude<\/p>\n<p>&#8211; Um 11:04 Uhr: PKW in Hauswand mit Hausbrand in Bischmisheim 8 verletzte Personen<\/p>\n<p>&#8211; Um 11:53 Uhr: Traktor gegen PKW N\u00e4he des Flughafens Ensheim 3 betroffene Personen<\/p>\n<p>Gemeinsam mit einem erfahren Notfallseelsorger, der gleichzeitig auch als Feuerwehrseelsorger fungierte, konnten die restlichen Teilnehmer wertvolle Einsatzerfahrungen im Bereich der Betreuung und L-PSNV sammeln.<\/p>\n<p>Die Feuerwehr bedankte sich bei Ihrer Abschlussbesprechung nachdr\u00fccklich f\u00fcr unsere Teilnahme an ihrer \u00dcbung und lobte die gute Zusammenarbeit.<\/p>\n<p>Unsere Feuerwehrleute leisten einen sehr wertvollen und wichtigen Beitrag zu unser aller Sicherheit. Daf\u00fcr zollen auch wir unseren gr\u00f6\u00dften Respekt, Dank und Anerkennung.<\/p>\n","protected":false},"excerpt":{"rendered":"<p>Am Samstag, 06.04.19 haben insgesamt 4 Mitglieder der NKS (1 Notfallseelsorger, 1 PSNV-Fachkraft, 2 Notfallbegleiterinnen) an der Tages\u00fcbung aller L\u00f6schbezirke im L\u00f6schabschnitt Saarbr\u00fccken-Ost teilgenommen. Die Freiwilligen Feuerwehren der L\u00f6schbezirke Scheidt, Schafbr\u00fccke, Bischmisheim, Brebach, G\u00fcdingen, B\u00fcbingen, Fechingen, Eschringen und Ensheim haben zwischen 08:00 &#8211; 13:30 Uhr insgesamt 23 verschiedene Einsatzszenarien abgearbeitet.<\/p>\n","protected":false},"author":1,"featured_media":0,"comment_status":"closed","ping_status":"open","sticky":false,"template":"","format":"standard","meta":{"_eb_attr":"","_uag_custom_page_level_css":"","site-sidebar-layout":"default","site-content-layout":"","ast-site-content-layout":"default","site-content-style":"default","site-sidebar-style":"default","ast-global-header-display":"","ast-banner-title-visibility":"","ast-main-header-display":"","ast-hfb-above-header-display":"","ast-hfb-below-header-display":"","ast-hfb-mobile-header-display":"","site-post-title":"","ast-breadcrumbs-content":"","ast-featured-img":"","footer-sml-layout":"","theme-transparent-header-meta":"","adv-header-id-meta":"","stick-header-meta":"","header-above-stick-meta":"","header-main-stick-meta":"","header-below-stick-meta":"","astra-migrate-meta-layouts":"default","ast-page-background-enabled":"default","ast-page-background-meta":{"desktop":{"background-color":"var(--ast-global-color-4)","background-image":"","background-repeat":"repeat","background-position":"center center","background-size":"auto","background-attachment":"scroll","background-type":"","background-media":"","overlay-type":"","overlay-color":"","overlay-opacity":"","overlay-gradient":""},"tablet":{"background-color":"","background-image":"","background-repeat":"repeat","background-position":"center center","background-size":"auto","background-attachment":"scroll","background-type":"","background-media":"","overlay-type":"","overlay-color":"","overlay-opacity":"","overlay-gradient":""},"mobile":{"background-color":"","background-image":"","background-repeat":"repeat","background-position":"center center","background-size":"auto","background-attachment":"scroll","background-type":"","background-media":"","overlay-type":"","overlay-color":"","overlay-opacity":"","overlay-gradient":""}},"ast-content-background-meta":{"desktop":{"background-color":"var(--ast-global-color-5)","background-image":"","background-repeat":"repeat","background-position":"center center","background-size":"auto","background-attachment":"scroll","background-type":"","background-media":"","overlay-type":"","overlay-color":"","overlay-opacity":"","overlay-gradient":""},"tablet":{"background-color":"var(--ast-global-color-5)","background-image":"","background-repeat":"repeat","background-position":"center center","background-size":"auto","background-attachment":"scroll","background-type":"","background-media":"","overlay-type":"","overlay-color":"","overlay-opacity":"","overlay-gradient":""},"mobile":{"background-color":"var(--ast-global-color-5)","background-image":"","background-repeat":"repeat","background-position":"center center","background-size":"auto","background-attachment":"scroll","background-type":"","background-media":"","overlay-type":"","overlay-color":"","overlay-opacity":"","overlay-gradient":""}},"footnotes":""},"categories":[110],"tags":[125,126,50],"class_list":["post-1736","post","type-post","status-publish","format-standard","hentry","category-blog","tag-regionalverband","tag-saarbruecken","tag-ubung"],"uagb_featured_image_src":{"full":false,"thumbnail":false,"medium":false,"medium_large":false,"large":false,"1536x1536":false,"2048x2048":false},"uagb_author_info":{"display_name":"admin","author_link":"https:\/\/notfallseelsorge.saarland\/index.php\/author\/admin\/"},"uagb_comment_info":0,"uagb_excerpt":"Am Samstag, 06.04.19 haben insgesamt 4 Mitglieder der NKS (1 Notfallseelsorger, 1 PSNV-Fachkraft, 2 Notfallbegleiterinnen) an der Tages\u00fcbung aller L\u00f6schbezirke im L\u00f6schabschnitt Saarbr\u00fccken-Ost teilgenommen. Die Freiwilligen Feuerwehren der L\u00f6schbezirke Scheidt, Schafbr\u00fccke, Bischmisheim, Brebach, G\u00fcdingen, B\u00fcbingen, Fechingen, Eschringen und Ensheim haben zwischen 08:00 &#8211; 13:30 Uhr insgesamt 23 verschiedene Einsatzszenarien abgearbeitet.","_links":{"self":[{"href":"https:\/\/notfallseelsorge.saarland\/index.php\/wp-json\/wp\/v2\/posts\/1736","targetHints":{"allow":["GET"]}}],"collection":[{"href":"https:\/\/notfallseelsorge.saarland\/index.php\/wp-json\/wp\/v2\/posts"}],"about":[{"href":"https:\/\/notfallseelsorge.saarland\/index.php\/wp-json\/wp\/v2\/types\/post"}],"author":[{"embeddable":true,"href":"https:\/\/notfallseelsorge.saarland\/index.php\/wp-json\/wp\/v2\/users\/1"}],"replies":[{"embeddable":true,"href":"https:\/\/notfallseelsorge.saarland\/index.php\/wp-json\/wp\/v2\/comments?post=1736"}],"version-history":[{"count":3,"href":"https:\/\/notfallseelsorge.saarland\/index.php\/wp-json\/wp\/v2\/posts\/1736\/revisions"}],"predecessor-version":[{"id":1741,"href":"https:\/\/notfallseelsorge.saarland\/index.php\/wp-json\/wp\/v2\/posts\/1736\/revisions\/1741"}],"wp:attachment":[{"href":"https:\/\/notfallseelsorge.saarland\/index.php\/wp-json\/wp\/v2\/media?parent=1736"}],"wp:term":[{"taxonomy":"category","embeddable":true,"href":"https:\/\/notfallseelsorge.saarland\/index.php\/wp-json\/wp\/v2\/categories?post=1736"},{"taxonomy":"post_tag","embeddable":true,"href":"https:\/\/notfallseelsorge.saarland\/index.php\/wp-json\/wp\/v2\/tags?post=1736"}],"curies":[{"name":"wp","href":"https:\/\/api.w.org\/{rel}","templated":true}]}}