{"id":2146,"date":"2024-05-06T16:49:17","date_gmt":"2024-05-06T15:49:17","guid":{"rendered":"https:\/\/notfallseelsorge.saarland\/?p=2146"},"modified":"2024-05-06T16:53:31","modified_gmt":"2024-05-06T15:53:31","slug":"einweihung-katastrophenschutzzentrum-und-uebernahme-von-drei-neuen-fachkraeften-in-den-aktiven-dienst","status":"publish","type":"post","link":"https:\/\/notfallseelsorge.saarland\/index.php\/blog\/sls\/einweihung-katastrophenschutzzentrum-und-uebernahme-von-drei-neuen-fachkraeften-in-den-aktiven-dienst\/","title":{"rendered":"Einweihung Katastrophenschutzzentrum und \u00dcbernahme von drei neuen Fachkr\u00e4ften in den aktiven Dienst"},"content":{"rendered":"\n<p>Am 04.05.2024 fand durch Herrn Landrat Patrik Lauer und Herrn Minister Reinhold Jost die Einweihung der neuen Lagerhalle des Katastrophenschutzzentrums des Landkreises Saarlouis statt. Das Katastrophenschutzzentrum befindet sich seit 2020 auf dem Gel\u00e4nde des ehemaligen Eisenbahnschachtes Schwalbach und beheimatet ein modernes Ausbildungs- und Schulungszentrum.<\/p>\n\n\n\n<!--more-->\n\n\n\n<p>In der neuen ca. 170m\u00b2 gro\u00dfen Halle werden zentral Materialen f\u00fcr den Katastrophenschutz gelagert. Der Neubau wurde f\u00fcr ca. 700.000 EUR aus Mitteln des Kreises des Landes finanziert. Die Kreisgruppe Saarlouis war als Teil des Katastrophenschutzes bei der Einweihung dabei und konnte neben der Einweihung ein weiteres frohes <br>Ereignis feiern:<\/p>\n\n\n\n<p>Im Rahmen der Einweihung wurden Elena Dietze (nicht im Bild), Sabine Kindel und Cornelis Wendler nach erfolgreicher Ausbildung und der notwendigen Praxis- und Pr\u00fcfungseins\u00e4tzen in den aktiven Dienst als Fachkraft PSNV \u00fcbernommen.<\/p>\n\n\n\n<figure class=\"wp-block-gallery aligncenter has-nested-images columns-default is-cropped uag-masonry uagb-block-39c54666 wp-block-gallery-1 is-layout-flex wp-block-gallery-is-layout-flex\">\n<figure class=\"wp-block-image size-medium is-style-default\"><a href=\"https:\/\/notfallseelsorge.saarland\/wp-content\/uploads\/Landkreis-Saarlouis-Katastrophenschutz.jpg\"><img loading=\"lazy\" decoding=\"async\" width=\"300\" height=\"300\" data-id=\"2150\" src=\"https:\/\/notfallseelsorge.saarland\/wp-content\/uploads\/Landkreis-Saarlouis-Katastrophenschutz-300x300.jpg\" alt=\"\" class=\"wp-image-2150\" srcset=\"https:\/\/notfallseelsorge.saarland\/wp-content\/uploads\/Landkreis-Saarlouis-Katastrophenschutz-300x300.jpg 300w, https:\/\/notfallseelsorge.saarland\/wp-content\/uploads\/Landkreis-Saarlouis-Katastrophenschutz-1024x1024.jpg 1024w, https:\/\/notfallseelsorge.saarland\/wp-content\/uploads\/Landkreis-Saarlouis-Katastrophenschutz-150x150.jpg 150w, https:\/\/notfallseelsorge.saarland\/wp-content\/uploads\/Landkreis-Saarlouis-Katastrophenschutz-768x768.jpg 768w, https:\/\/notfallseelsorge.saarland\/wp-content\/uploads\/Landkreis-Saarlouis-Katastrophenschutz.jpg 1302w\" sizes=\"auto, (max-width: 300px) 100vw, 300px\" \/><\/a><\/figure>\n\n\n\n<figure class=\"wp-block-image size-large\"><a href=\"https:\/\/notfallseelsorge.saarland\/wp-content\/uploads\/2024-05-04-KATS-Einweihung-1.jpg\"><img loading=\"lazy\" decoding=\"async\" width=\"1024\" height=\"768\" data-id=\"2149\" src=\"https:\/\/notfallseelsorge.saarland\/wp-content\/uploads\/2024-05-04-KATS-Einweihung-1-1024x768.jpg\" alt=\"\" class=\"wp-image-2149\" srcset=\"https:\/\/notfallseelsorge.saarland\/wp-content\/uploads\/2024-05-04-KATS-Einweihung-1-1024x768.jpg 1024w, https:\/\/notfallseelsorge.saarland\/wp-content\/uploads\/2024-05-04-KATS-Einweihung-1-300x225.jpg 300w, https:\/\/notfallseelsorge.saarland\/wp-content\/uploads\/2024-05-04-KATS-Einweihung-1-768x576.jpg 768w, https:\/\/notfallseelsorge.saarland\/wp-content\/uploads\/2024-05-04-KATS-Einweihung-1-1536x1152.jpg 1536w, https:\/\/notfallseelsorge.saarland\/wp-content\/uploads\/2024-05-04-KATS-Einweihung-1.jpg 1600w\" sizes=\"auto, (max-width: 1024px) 100vw, 1024px\" \/><\/a><\/figure>\n\n\n\n<figure class=\"wp-block-image size-large\"><a href=\"https:\/\/notfallseelsorge.saarland\/wp-content\/uploads\/2024-05-04-KATS-Einweihung-3.jpg\"><img loading=\"lazy\" decoding=\"async\" width=\"1024\" height=\"768\" data-id=\"2148\" src=\"https:\/\/notfallseelsorge.saarland\/wp-content\/uploads\/2024-05-04-KATS-Einweihung-3-1024x768.jpg\" alt=\"\" class=\"wp-image-2148\" srcset=\"https:\/\/notfallseelsorge.saarland\/wp-content\/uploads\/2024-05-04-KATS-Einweihung-3-1024x768.jpg 1024w, https:\/\/notfallseelsorge.saarland\/wp-content\/uploads\/2024-05-04-KATS-Einweihung-3-300x225.jpg 300w, https:\/\/notfallseelsorge.saarland\/wp-content\/uploads\/2024-05-04-KATS-Einweihung-3-768x576.jpg 768w, https:\/\/notfallseelsorge.saarland\/wp-content\/uploads\/2024-05-04-KATS-Einweihung-3-1536x1152.jpg 1536w, https:\/\/notfallseelsorge.saarland\/wp-content\/uploads\/2024-05-04-KATS-Einweihung-3.jpg 2000w\" sizes=\"auto, (max-width: 1024px) 100vw, 1024px\" \/><\/a><\/figure>\n<\/figure>\n","protected":false},"excerpt":{"rendered":"<p>Am 04.05.2024 fand durch Herrn Landrat Patrik Lauer und Herrn Minister Reinhold Jost die Einweihung der neuen Lagerhalle des Katastrophenschutzzentrums des Landkreises Saarlouis statt. Das Katastrophenschutzzentrum befindet sich seit 2020 auf dem Gel\u00e4nde des ehemaligen Eisenbahnschachtes Schwalbach und beheimatet ein modernes Ausbildungs- und Schulungszentrum.<\/p>\n","protected":false},"author":1,"featured_media":2147,"comment_status":"closed","ping_status":"closed","sticky":false,"template":"","format":"standard","meta":{"_eb_attr":"","_uag_custom_page_level_css":"","site-sidebar-layout":"default","site-content-layout":"","ast-site-content-layout":"default","site-content-style":"default","site-sidebar-style":"default","ast-global-header-display":"","ast-banner-title-visibility":"","ast-main-header-display":"","ast-hfb-above-header-display":"","ast-hfb-below-header-display":"","ast-hfb-mobile-header-display":"","site-post-title":"","ast-breadcrumbs-content":"","ast-featured-img":"","footer-sml-layout":"","theme-transparent-header-meta":"","adv-header-id-meta":"","stick-header-meta":"","header-above-stick-meta":"","header-main-stick-meta":"","header-below-stick-meta":"","astra-migrate-meta-layouts":"default","ast-page-background-enabled":"default","ast-page-background-meta":{"desktop":{"background-color":"var(--ast-global-color-4)","background-image":"","background-repeat":"repeat","background-position":"center center","background-size":"auto","background-attachment":"scroll","background-type":"","background-media":"","overlay-type":"","overlay-color":"","overlay-opacity":"","overlay-gradient":""},"tablet":{"background-color":"","background-image":"","background-repeat":"repeat","background-position":"center center","background-size":"auto","background-attachment":"scroll","background-type":"","background-media":"","overlay-type":"","overlay-color":"","overlay-opacity":"","overlay-gradient":""},"mobile":{"background-color":"","background-image":"","background-repeat":"repeat","background-position":"center center","background-size":"auto","background-attachment":"scroll","background-type":"","background-media":"","overlay-type":"","overlay-color":"","overlay-opacity":"","overlay-gradient":""}},"ast-content-background-meta":{"desktop":{"background-color":"var(--ast-global-color-5)","background-image":"","background-repeat":"repeat","background-position":"center center","background-size":"auto","background-attachment":"scroll","background-type":"","background-media":"","overlay-type":"","overlay-color":"","overlay-opacity":"","overlay-gradient":""},"tablet":{"background-color":"var(--ast-global-color-5)","background-image":"","background-repeat":"repeat","background-position":"center center","background-size":"auto","background-attachment":"scroll","background-type":"","background-media":"","overlay-type":"","overlay-color":"","overlay-opacity":"","overlay-gradient":""},"mobile":{"background-color":"var(--ast-global-color-5)","background-image":"","background-repeat":"repeat","background-position":"center center","background-size":"auto","background-attachment":"scroll","background-type":"","background-media":"","overlay-type":"","overlay-color":"","overlay-opacity":"","overlay-gradient":""}},"footnotes":""},"categories":[138],"tags":[80,139],"class_list":["post-2146","post","type-post","status-publish","format-standard","has-post-thumbnail","hentry","category-sls","tag-psnv","tag-saarlouis"],"uagb_featured_image_src":{"full":["https:\/\/notfallseelsorge.saarland\/wp-content\/uploads\/2024-05-04-KATS-Einweihung.jpg",1600,1200,false],"thumbnail":["https:\/\/notfallseelsorge.saarland\/wp-content\/uploads\/2024-05-04-KATS-Einweihung-150x150.jpg",150,150,true],"medium":["https:\/\/notfallseelsorge.saarland\/wp-content\/uploads\/2024-05-04-KATS-Einweihung-300x225.jpg",300,225,true],"medium_large":["https:\/\/notfallseelsorge.saarland\/wp-content\/uploads\/2024-05-04-KATS-Einweihung-768x576.jpg",768,576,true],"large":["https:\/\/notfallseelsorge.saarland\/wp-content\/uploads\/2024-05-04-KATS-Einweihung-1024x768.jpg",1024,768,true],"1536x1536":["https:\/\/notfallseelsorge.saarland\/wp-content\/uploads\/2024-05-04-KATS-Einweihung-1536x1152.jpg",1536,1152,true],"2048x2048":["https:\/\/notfallseelsorge.saarland\/wp-content\/uploads\/2024-05-04-KATS-Einweihung.jpg",1600,1200,false]},"uagb_author_info":{"display_name":"admin","author_link":"https:\/\/notfallseelsorge.saarland\/index.php\/author\/admin\/"},"uagb_comment_info":0,"uagb_excerpt":"Am 04.05.2024 fand durch Herrn Landrat Patrik Lauer und Herrn Minister Reinhold Jost die Einweihung der neuen Lagerhalle des Katastrophenschutzzentrums des Landkreises Saarlouis statt. Das Katastrophenschutzzentrum befindet sich seit 2020 auf dem Gel\u00e4nde des ehemaligen Eisenbahnschachtes Schwalbach und beheimatet ein modernes Ausbildungs- und Schulungszentrum.","_links":{"self":[{"href":"https:\/\/notfallseelsorge.saarland\/index.php\/wp-json\/wp\/v2\/posts\/2146","targetHints":{"allow":["GET"]}}],"collection":[{"href":"https:\/\/notfallseelsorge.saarland\/index.php\/wp-json\/wp\/v2\/posts"}],"about":[{"href":"https:\/\/notfallseelsorge.saarland\/index.php\/wp-json\/wp\/v2\/types\/post"}],"author":[{"embeddable":true,"href":"https:\/\/notfallseelsorge.saarland\/index.php\/wp-json\/wp\/v2\/users\/1"}],"replies":[{"embeddable":true,"href":"https:\/\/notfallseelsorge.saarland\/index.php\/wp-json\/wp\/v2\/comments?post=2146"}],"version-history":[{"count":4,"href":"https:\/\/notfallseelsorge.saarland\/index.php\/wp-json\/wp\/v2\/posts\/2146\/revisions"}],"predecessor-version":[{"id":2156,"href":"https:\/\/notfallseelsorge.saarland\/index.php\/wp-json\/wp\/v2\/posts\/2146\/revisions\/2156"}],"wp:featuredmedia":[{"embeddable":true,"href":"https:\/\/notfallseelsorge.saarland\/index.php\/wp-json\/wp\/v2\/media\/2147"}],"wp:attachment":[{"href":"https:\/\/notfallseelsorge.saarland\/index.php\/wp-json\/wp\/v2\/media?parent=2146"}],"wp:term":[{"taxonomy":"category","embeddable":true,"href":"https:\/\/notfallseelsorge.saarland\/index.php\/wp-json\/wp\/v2\/categories?post=2146"},{"taxonomy":"post_tag","embeddable":true,"href":"https:\/\/notfallseelsorge.saarland\/index.php\/wp-json\/wp\/v2\/tags?post=2146"}],"curies":[{"name":"wp","href":"https:\/\/api.w.org\/{rel}","templated":true}]}}