{"id":221,"date":"2009-02-05T22:35:14","date_gmt":"2009-02-05T21:35:14","guid":{"rendered":"http:\/\/www.psu-saarland.de\/?p=221"},"modified":"2016-05-23T14:58:10","modified_gmt":"2016-05-23T13:58:10","slug":"treffen-der-opferschutzbeauftragten-und-der-notfallseelsorge-im-saarpfalz-kreis","status":"publish","type":"post","link":"https:\/\/notfallseelsorge.saarland\/index.php\/blog\/allgemein\/treffen-der-opferschutzbeauftragten-und-der-notfallseelsorge-im-saarpfalz-kreis\/","title":{"rendered":"Treffen der Opferschutzbeauftragten und der Notfallseelsorge im Saarpfalz-Kreis"},"content":{"rendered":"<p>Zu einer Begegnung mit gegenseitigem Kennenlernen und Erfahrungsaustausch trafen sich am 5. Februar 2009 Mitarbeiter der\u00a0Einsatzgruppe Saarpfalz-Kreis mit den Opferschutzbeauftragten des Polizeibezirks Saarpfalz, die ihren Sitz in Homburg, St. Ingbert und Blieskastel haben. Es wurden gemeinsame Eins\u00e4tze reflektiert und die M\u00f6glichkeiten der vertieften Zusammenarbeit besprochen, welche insbesondere die \u00dcbermittlung\u00a0einer Todesnachricht und die Betreuung nach einem Verkehrsunfall betreffen. Die Gespr\u00e4chsrunde soll nun regelm\u00e4\u00dfig wenigstens 1-2 mal im Jahr oder aus besonderen Anl\u00e4ssen stattfinden.<\/p>\n<p>unten stehende Informationen \u00fcber die Arbeit der Opferschutzbeauftragen wurden\u00a0der\u00a0Internetseite der Polizei des Saarlandes\u00a0entnommen\u00a0\u00a0<a href=\"http:\/\/www.saarland.de\/7641.htm\">http:\/\/www.saarland.de\/7641.htm<\/a><\/p>\n<p class=\"MsoNormal\" style=\"margin: 0cm 0cm 0pt; mso-outline-level: 1;\"><strong><span style=\"font-size: 24pt; line-height: 115%; font-family: 'Times New Roman','serif'; mso-fareast-font-family: 'Times New Roman'; mso-fareast-language: DE; mso-font-kerning: 18.0pt;\">Opferschutz<\/span><\/strong><\/p>\n<p class=\"MsoNormal\" style=\"margin: 0cm 0cm 0pt;\"><span style=\"font-size: 12pt; line-height: 115%; font-family: 'Times New Roman','serif'; mso-fareast-font-family: 'Times New Roman'; mso-fareast-language: DE;\"><img loading=\"lazy\" decoding=\"async\" class=\"alignnone size-full wp-image-226\" src=\"http:\/\/www.psnv-saarland.de\/wp-content\/uploads\/2009\/02\/logo_opferschutz.jpg\" alt=\"logo_opferschutz\" width=\"150\" height=\"150\" \/>Logo &#8222;Opferschutz&#8220;<\/span><\/p>\n<p class=\"MsoNormal\" style=\"margin: 0cm 0cm 0pt;\"><span style=\"font-size: 12pt; line-height: 115%; font-family: 'Times New Roman','serif'; mso-fareast-font-family: 'Times New Roman'; mso-fareast-language: DE;\">\u00a0<\/span><\/p>\n<p class=\"MsoNormal\" style=\"margin: 0cm 0cm 0pt;\"><strong><span style=\"font-size: 12pt; line-height: 115%; font-family: 'Times New Roman','serif'; mso-fareast-font-family: 'Times New Roman'; mso-fareast-language: DE;\">Institutionalisierung des Opferschutzes in der saarl\u00e4ndischen Polizei<\/span><\/strong><\/p>\n<p class=\"MsoNormal\" style=\"margin: 0cm 0cm 0pt;\"><span style=\"font-size: 12pt; line-height: 115%; font-family: 'Times New Roman','serif'; mso-fareast-font-family: 'Times New Roman'; mso-fareast-language: DE;\">&#8222;Der Schutz der Opfer von Straftaten ist der Landesregierung sehr wichtig. Deshalb hat jetzt das Ministerium f\u00fcr Inneres, Familie, Frauen und Sport (MfIFFS) in der saarl\u00e4ndischen Polizei den Opferschutz institutionalisiert. Erste entscheidende Ma\u00dfnahmen sind die Ernennung von Opferschutzbeauftragten im Ministerium, in der Landespolizeidirektion und im Landeskriminalamt sowie die Festlegung von Richtlinien zum Opferschutz in der saarl\u00e4ndischen Landespolizei&#8220;, sagte Innenministerin Annegret Kramp-Karrenbauer.<\/span><\/p>\n<p class=\"MsoNormal\" style=\"margin: 0cm 0cm 0pt;\"><span style=\"font-size: 12pt; line-height: 115%; font-family: 'Times New Roman','serif'; mso-fareast-font-family: 'Times New Roman'; mso-fareast-language: DE;\">Im Ministerium f\u00fcr Inneres, Familie, Frauen und Sport, der Landespolizeidirektion (LPD) und dem Landeskriminalamt (LKA) ist je ein Opferschutzbeauftragter bestellt.<\/span><\/p>\n<p class=\"MsoNormal\" style=\"margin: 0cm 0cm 0pt;\"><span style=\"font-size: 12pt; line-height: 115%; font-family: 'Times New Roman','serif'; mso-fareast-font-family: 'Times New Roman'; mso-fareast-language: DE;\">Um der Wertigkeit des Opferschutzes Rechnung zu tragen, wurden die Dienststellen der Polizei, in denen die Opferschutzbeauftragten t\u00e4tig sind umbenannt und tragen nun die Bezeichnung &#8222;Polizeiliche Kriminalpr\u00e4vention und Opferschutz&#8220;.<\/span><\/p>\n<p class=\"MsoNormal\" style=\"margin: 0cm 0cm 0pt;\"><span style=\"font-size: 12pt; line-height: 115%; font-family: 'Times New Roman','serif'; mso-fareast-font-family: 'Times New Roman'; mso-fareast-language: DE;\">Die Aufgaben des Referates D 1 des Ministeriums f\u00fcr Inneres, Familie, Frauen und Sport wurden ebenfalls um den Opferschutz erweitert und der Opferschutzbeauftragte namentlich ausgewiesen.<\/span><\/p>\n<p class=\"MsoNormal\" style=\"margin: 0cm 0cm 0pt;\"><span style=\"font-size: 12pt; line-height: 115%; font-family: 'Times New Roman','serif'; mso-fareast-font-family: 'Times New Roman'; mso-fareast-language: DE;\">\u00a0<\/span><\/p>\n<p class=\"MsoNormal\" style=\"margin: 0cm 0cm 0pt; mso-outline-level: 2;\"><strong><span style=\"font-size: 18pt; line-height: 115%; font-family: 'Times New Roman','serif'; mso-fareast-font-family: 'Times New Roman'; mso-fareast-language: DE;\">Die Opferschutzbeauftragten<\/span><\/strong><\/p>\n<p class=\"MsoNormal\" style=\"margin: 0cm 0cm 0pt;\"><strong><span style=\"font-size: 12pt; line-height: 115%; font-family: 'Times New Roman','serif'; mso-fareast-font-family: 'Times New Roman'; mso-fareast-language: DE;\">Ministerium f\u00fcr Inneres, Familie, Frauen und Sport<\/span><\/strong><\/p>\n<p class=\"MsoNormal\" style=\"margin: 0cm 0cm 0pt;\"><strong><span style=\"font-size: 12pt; line-height: 115%; font-family: 'Times New Roman','serif'; mso-fareast-font-family: 'Times New Roman'; mso-fareast-language: DE;\">Referat D 1<\/span><\/strong><\/p>\n<p class=\"MsoNormal\" style=\"margin: 0cm 0cm 0pt;\"><span style=\"font-size: 12pt; line-height: 115%; font-family: 'Times New Roman','serif'; mso-fareast-font-family: 'Times New Roman'; mso-fareast-language: DE;\">Kriminalit\u00e4tsbek\u00e4mpfung, Kriminalpr\u00e4vention und Opferschutz<\/span><\/p>\n<p class=\"MsoNormal\" style=\"margin: 0cm 0cm 0pt;\"><span style=\"font-size: 12pt; line-height: 115%; font-family: 'Times New Roman','serif'; mso-fareast-font-family: 'Times New Roman'; mso-fareast-language: DE;\">\u00a0<\/span><\/p>\n<p class=\"MsoNormal\" style=\"margin: 0cm 0cm 0pt;\"><strong><span style=\"font-size: 12pt; line-height: 115%; font-family: 'Times New Roman','serif'; mso-fareast-font-family: 'Times New Roman'; mso-fareast-language: DE;\">J\u00fcrgen Felix Zeck<\/span><\/strong><\/p>\n<p class=\"MsoNormal\" style=\"margin: 0cm 0cm 0pt;\"><span style=\"font-size: 12pt; line-height: 115%; font-family: 'Times New Roman','serif'; mso-fareast-font-family: 'Times New Roman'; mso-fareast-language: DE;\">Erster Kriminalhauptkommissar<\/span><\/p>\n<p class=\"MsoNormal\" style=\"margin: 0cm 0cm 0pt;\"><span style=\"font-size: 12pt; line-height: 115%; font-family: 'Times New Roman','serif'; mso-fareast-font-family: 'Times New Roman'; mso-fareast-language: DE;\">Mainzer Stra\u00dfe 136<\/span><\/p>\n<p class=\"MsoNormal\" style=\"margin: 0cm 0cm 0pt;\"><span style=\"font-size: 12pt; line-height: 115%; font-family: 'Times New Roman','serif'; mso-fareast-font-family: 'Times New Roman'; mso-fareast-language: DE;\">66121 Saarbr\u00fccken<\/span><\/p>\n<p class=\"MsoNormal\" style=\"margin: 0cm 0cm 0pt;\"><span style=\"font-size: 12pt; line-height: 115%; font-family: 'Times New Roman','serif'; mso-fareast-font-family: 'Times New Roman'; mso-fareast-language: DE;\">Tel.: (0681) 962 \u2013 1284<\/span><\/p>\n<p class=\"MsoNormal\" style=\"margin: 0cm 0cm 0pt;\"><span style=\"font-size: 12pt; line-height: 115%; font-family: 'Times New Roman','serif'; mso-fareast-font-family: 'Times New Roman'; mso-fareast-language: DE;\">Fax: (0681) 962 &#8211; 1005 <\/span><\/p>\n<p class=\"MsoNormal\" style=\"margin: 0cm 0cm 0pt;\"><a href=\"mailto:j.zeck%40innen.saarland.de\"><span style=\"font-size: 12pt; color: blue; line-height: 115%; font-family: 'Times New Roman','serif'; mso-fareast-font-family: 'Times New Roman'; mso-fareast-language: DE;\">&#106;&#x2e;&#x7a;e&#99;&#x6b;&#x40;i&#110;&#x6e;e&#110;&#x2e;&#x73;a&#97;&#x72;l&#97;&#x6e;&#x64;&#46;&#100;&#x65;<\/span><\/a><\/p>\n<p class=\"MsoNormal\" style=\"margin: 0cm 0cm 0pt;\"><strong><span style=\"font-size: 12pt; line-height: 115%; font-family: 'Times New Roman','serif'; mso-fareast-font-family: 'Times New Roman'; mso-fareast-language: DE;\">\u00a0<\/span><\/strong><\/p>\n<p class=\"MsoNormal\" style=\"margin: 0cm 0cm 0pt;\"><strong><span style=\"font-size: 12pt; line-height: 115%; font-family: 'Times New Roman','serif'; mso-fareast-font-family: 'Times New Roman'; mso-fareast-language: DE;\">Landespolizeidirektion<\/span><\/strong><\/p>\n<p class=\"MsoNormal\" style=\"margin: 0cm 0cm 0pt;\"><strong><span style=\"font-size: 12pt; line-height: 115%; font-family: 'Times New Roman','serif'; mso-fareast-font-family: 'Times New Roman'; mso-fareast-language: DE;\">Sachbereich 42<\/span><\/strong><\/p>\n<p class=\"MsoNormal\" style=\"margin: 0cm 0cm 0pt;\"><span style=\"font-size: 12pt; line-height: 115%; font-family: 'Times New Roman','serif'; mso-fareast-font-family: 'Times New Roman'; mso-fareast-language: DE;\">Pr\u00e4vention und Opferschutz<\/span><\/p>\n<p class=\"MsoNormal\" style=\"margin: 0cm 0cm 0pt;\"><strong><span style=\"font-size: 12pt; line-height: 115%; font-family: 'Times New Roman','serif'; mso-fareast-font-family: 'Times New Roman'; mso-fareast-language: DE;\">Alfred Wagner<\/span><\/strong><\/p>\n<p class=\"MsoNormal\" style=\"margin: 0cm 0cm 0pt;\"><span style=\"font-size: 12pt; line-height: 115%; font-family: 'Times New Roman','serif'; mso-fareast-font-family: 'Times New Roman'; mso-fareast-language: DE;\">Polizeihauptkommissar<\/span><\/p>\n<p class=\"MsoNormal\" style=\"margin: 0cm 0cm 0pt;\"><span style=\"font-size: 12pt; line-height: 115%; font-family: 'Times New Roman','serif'; mso-fareast-font-family: 'Times New Roman'; mso-fareast-language: DE;\">Mainzer Stra\u00dfe 134-136<\/span><\/p>\n<p class=\"MsoNormal\" style=\"margin: 0cm 0cm 0pt;\"><span style=\"font-size: 12pt; line-height: 115%; font-family: 'Times New Roman','serif'; mso-fareast-font-family: 'Times New Roman'; mso-fareast-language: DE;\">66121 Saarbr\u00fccken<\/span><\/p>\n<p class=\"MsoNormal\" style=\"margin: 0cm 0cm 0pt;\"><span style=\"font-size: 12pt; line-height: 115%; font-family: 'Times New Roman','serif'; mso-fareast-font-family: 'Times New Roman'; mso-fareast-language: DE;\">Tel.: (0681) 962 \u2013 2081<\/span><\/p>\n<p class=\"MsoNormal\" style=\"margin: 0cm 0cm 0pt;\"><span style=\"font-size: 12pt; line-height: 115%; font-family: 'Times New Roman','serif'; mso-fareast-font-family: 'Times New Roman'; mso-fareast-language: DE;\">Fax: (0681) 962 &#8211; 2045 <\/span><\/p>\n<p class=\"MsoNormal\" style=\"margin: 0cm 0cm 0pt;\"><a href=\"mailto:a.wagner%40lpd.land.slpol.de\"><span style=\"font-size: 12pt; color: blue; line-height: 115%; font-family: 'Times New Roman','serif'; mso-fareast-font-family: 'Times New Roman'; mso-fareast-language: DE;\">&#x61;&#x2e;&#x77;&#x61;&#103;&#110;&#101;r&#64;&#x6c;&#x70;&#x64;&#x2e;&#x6c;&#97;&#110;&#100;&#46;s&#x6c;&#x70;&#x6f;&#x6c;&#x2e;&#100;&#101;<\/span><\/a><\/p>\n<p class=\"MsoNormal\" style=\"margin: 0cm 0cm 0pt;\"><span style=\"display: none; font-size: 12pt; line-height: 115%; font-family: 'Times New Roman','serif'; mso-fareast-font-family: 'Times New Roman'; mso-fareast-language: DE; mso-hide: all;\">\u00a0<\/span><\/p>\n<p class=\"MsoNormal\" style=\"margin: 0cm 0cm 0pt;\"><strong><span style=\"font-size: 12pt; line-height: 115%; font-family: 'Times New Roman','serif'; mso-fareast-font-family: 'Times New Roman'; mso-fareast-language: DE;\">Landeskriminalamt<\/span><\/strong><\/p>\n<p class=\"MsoNormal\" style=\"margin: 0cm 0cm 0pt;\"><strong><span style=\"font-size: 12pt; line-height: 115%; font-family: 'Times New Roman','serif'; mso-fareast-font-family: 'Times New Roman'; mso-fareast-language: DE;\">Dezernat 14<\/span><\/strong><\/p>\n<p class=\"MsoNormal\" style=\"margin: 0cm 0cm 0pt;\"><span style=\"font-size: 12pt; line-height: 115%; font-family: 'Times New Roman','serif'; mso-fareast-font-family: 'Times New Roman'; mso-fareast-language: DE;\">Polizeiliche Kriminalpr\u00e4vention und Opferschutz<\/span><\/p>\n<p class=\"MsoNormal\" style=\"margin: 0cm 0cm 0pt;\"><span style=\"font-size: 12pt; line-height: 115%; font-family: 'Times New Roman','serif'; mso-fareast-font-family: 'Times New Roman'; mso-fareast-language: DE;\">Graf-Johann-Stra\u00dfe 25-29<\/span><\/p>\n<p class=\"MsoNormal\" style=\"margin: 0cm 0cm 0pt;\"><span style=\"font-size: 12pt; line-height: 115%; font-family: 'Times New Roman','serif'; mso-fareast-font-family: 'Times New Roman'; mso-fareast-language: DE;\">66121 Saarbr\u00fccken<\/span><\/p>\n<p class=\"MsoNormal\" style=\"margin: 0cm 0cm 0pt;\"><span style=\"font-size: 12pt; line-height: 115%; font-family: 'Times New Roman','serif'; mso-fareast-font-family: 'Times New Roman'; mso-fareast-language: DE;\">Tel.: (0681) 962 -3535<\/span><\/p>\n<p class=\"MsoNormal\" style=\"margin: 0cm 0cm 0pt;\"><span style=\"font-size: 12pt; line-height: 115%; font-family: 'Times New Roman','serif'; mso-fareast-font-family: 'Times New Roman'; mso-fareast-language: DE;\">Fax: (0681) 962 &#8211; 3765 <\/span><\/p>\n<p class=\"MsoNormal\" style=\"margin: 0cm 0cm 0pt;\"><a href=\"mailto:praeventionlkasl%40t-online.de\"><span style=\"font-size: 12pt; color: blue; line-height: 115%; font-family: 'Times New Roman','serif'; mso-fareast-font-family: 'Times New Roman'; mso-fareast-language: DE;\">&#x70;&#x72;&#97;e&#x76;&#x65;&#x6e;&#116;i&#x6f;&#x6e;&#x6c;&#107;a&#x73;&#x6c;&#x40;&#116;-&#x6f;&#x6e;&#x6c;&#105;n&#x65;&#x2e;&#x64;&#101;<\/span><\/a><\/p>\n<p class=\"MsoNormal\" style=\"margin: 0cm 0cm 0pt;\"><strong><span style=\"font-size: 12pt; line-height: 115%; font-family: 'Times New Roman','serif'; mso-fareast-font-family: 'Times New Roman'; mso-fareast-language: DE;\">\u00a0<\/span><\/strong><\/p>\n<p class=\"MsoNormal\" style=\"margin: 0cm 0cm 0pt;\"><strong><span style=\"font-size: 12pt; line-height: 115%; font-family: 'Times New Roman','serif'; mso-fareast-font-family: 'Times New Roman'; mso-fareast-language: DE;\">Die Rahmenbedingungen des Opferschutzes in der saarl\u00e4ndischen Polizei wurden in Leitlinien gefasst<\/span><\/strong><\/p>\n<p class=\"MsoNormal\" style=\"margin: 0cm 0cm 0pt;\"><span style=\"font-size: 12pt; line-height: 115%; font-family: 'Times New Roman','serif'; mso-fareast-font-family: 'Times New Roman'; mso-fareast-language: DE;\">Opfer haben individuelle Rechte und Bed\u00fcrfnisse, die weit \u00fcber das Ermittlungs- und Strafverfahren hinausgehen. Die Polizei ist sich ihrer Verantwortung gegen\u00fcber dem Opfer bewusst. Daher tritt sie im Rahmen ihres gesetzlichen Auftrages f\u00fcr eine sachgerechte und humane Opferbehandlung und eine, \u00fcber die Ermittlungsebene hinausgehende, seri\u00f6se Hilfe au\u00dferhalb der Polizei ein. <\/span><\/p>\n<p class=\"MsoNormal\" style=\"margin: 0cm 0cm 0pt;\"><span style=\"font-size: 12pt; line-height: 115%; font-family: 'Times New Roman','serif'; mso-fareast-font-family: 'Times New Roman'; mso-fareast-language: DE;\">Die Verantwortung f\u00fcr eine sachgerechte und humane Opferbehandlung umfasst:<\/span><\/p>\n<ul style=\"margin-top: 0cm;\" type=\"disc\">\n<li class=\"MsoNormal\"><span style=\"font-size: 12pt; line-height: 115%; font-family: 'Times New Roman','serif'; mso-fareast-font-family: 'Times New Roman'; mso-fareast-language: DE;\">sensibles Verst\u00e4ndnis f\u00fcr die schwierige Situation des Opfers aufzubringen <\/span><\/li>\n<li class=\"MsoNormal\"><span style=\"font-size: 12pt; line-height: 115%; font-family: 'Times New Roman','serif'; mso-fareast-font-family: 'Times New Roman'; mso-fareast-language: DE;\">die Anliegen des Opfers ernst zu nehmen und auf seine Bed\u00fcrfnisse und Befindlichkeiten einzugehen <\/span><\/li>\n<li class=\"MsoNormal\"><span style=\"font-size: 12pt; line-height: 115%; font-family: 'Times New Roman','serif'; mso-fareast-font-family: 'Times New Roman'; mso-fareast-language: DE;\">die Entscheidung des Opfers zu respektieren, ob und welche Hilfe es ben\u00f6tigt <\/span><\/li>\n<li class=\"MsoNormal\"><span style=\"font-size: 12pt; line-height: 115%; font-family: 'Times New Roman','serif'; mso-fareast-font-family: 'Times New Roman'; mso-fareast-language: DE;\">Opfer vor unangemessenen, ungeb\u00fchrlich emotionalen und sozialen Belastungen zu sch\u00fctzen (Tatfolgen zu mindern, indirekte Sch\u00e4digung zu vermeiden) <\/span><\/li>\n<li class=\"MsoNormal\"><span style=\"font-size: 12pt; line-height: 115%; font-family: 'Times New Roman','serif'; mso-fareast-font-family: 'Times New Roman'; mso-fareast-language: DE;\">die Opfer aufzukl\u00e4ren, zu informieren und zu beraten<\/span><\/li>\n<\/ul>\n<p class=\"MsoNormal\" style=\"margin: 0cm 0cm 0pt;\"><span style=\"font-size: 12pt; line-height: 115%; font-family: 'Times New Roman','serif'; mso-fareast-font-family: 'Times New Roman'; mso-fareast-language: DE;\">Ist weitergehende Hilfe notwendig und gew\u00fcnscht, sorgt die Polizei f\u00fcr eine bedarfsgerechte und problemorientierte Vermittlung an kompetente Fachstellen (Opferhilfeeinrichtungen).<\/span><\/p>\n<p class=\"MsoNormal\" style=\"margin: 0cm 0cm 0pt;\"><span style=\"font-size: 12pt; line-height: 115%; font-family: 'Times New Roman','serif'; mso-fareast-font-family: 'Times New Roman'; mso-fareast-language: DE;\">\u00a0<\/span><\/p>\n<p class=\"MsoNormal\" style=\"margin: 0cm 0cm 0pt;\"><span style=\"font-size: 12pt; line-height: 115%; font-family: 'Times New Roman','serif'; mso-fareast-font-family: 'Times New Roman'; mso-fareast-language: DE;\">Opferschutz bei der Polizei hat auch seine Grenzen. Sie ergeben sich einmal aus dem gesetzlichen Auftrag, aber auch dort, wo eine juristische, medizinische, psychologische, therapeutische oder sonstige spezielle Fachbetreuung erforderlich wird.<\/span><\/p>\n<p class=\"MsoNormal\" style=\"margin: 0cm 0cm 0pt;\"><span style=\"font-size: 12pt; line-height: 115%; font-family: 'Times New Roman','serif'; mso-fareast-font-family: 'Times New Roman'; mso-fareast-language: DE;\">\u00a0<\/span><\/p>\n<p class=\"MsoNormal\" style=\"margin: 0cm 0cm 0pt;\"><strong><span style=\"font-size: 12pt; line-height: 115%; font-family: 'Times New Roman','serif'; mso-fareast-font-family: 'Times New Roman'; mso-fareast-language: DE;\">Leitlinien<\/span><\/strong><\/p>\n<p class=\"MsoNormal\" style=\"margin: 0cm 0cm 0pt;\"><span style=\"font-size: 12pt; line-height: 115%; font-family: 'Times New Roman','serif'; mso-fareast-font-family: 'Times New Roman'; mso-fareast-language: DE;\">In den Leitlinien wird das Opfer als Mensch in den Vordergrund gestellt, der Schutz und Hilfe ben\u00f6tigt. Ein Schutzanspruch besteht gegen\u00fcber dem Staat, der die Verpflichtung \u00fcbernommen hat, seine B\u00fcrger zu sch\u00fctzen. Die saarl\u00e4ndische Polizei betrachtet den Opferschutz als Bestandteil ihres gesetzlichen Auftrages und als humane Verpflichtung. Sie sieht vorrangig Kriminalit\u00e4tsopfer, schlie\u00dft aber andere Gesch\u00e4digte (beispielsweise Unfallopfer) im Rahmen polizeilicher Aufgabenerf\u00fcllung nicht aus. <\/span><\/p>\n<p class=\"MsoNormal\" style=\"margin: 0cm 0cm 0pt;\"><span style=\"font-size: 12pt; line-height: 115%; font-family: 'Times New Roman','serif'; mso-fareast-font-family: 'Times New Roman'; mso-fareast-language: DE;\">Die Leitlinien definieren den Opferschutz, nennen die Ziele und stecken die Grenzen ab. Sie geben Grundstrukturen f\u00fcr die Organisation des polizeilichen Opferschutzes vor und bestimmen die Aus- und Fortbildung auf dem Gebiet des Opferschutzes.<\/span><\/p>\n<p class=\"MsoNormal\" style=\"margin: 0cm 0cm 0pt;\"><span style=\"font-size: 12pt; line-height: 115%; font-family: 'Times New Roman','serif'; mso-fareast-font-family: 'Times New Roman'; mso-fareast-language: DE;\">\u00a0<\/span><\/p>\n<p class=\"MsoNormal\" style=\"margin: 0cm 0cm 0pt;\"><strong><span style=\"font-size: 12pt; line-height: 115%; font-family: 'Times New Roman','serif'; mso-fareast-font-family: 'Times New Roman'; mso-fareast-language: DE;\">Aufgaben der Opferschutzbeauftragten<\/span><\/strong><\/p>\n<p class=\"MsoNormal\" style=\"margin: 0cm 0cm 0pt;\"><span style=\"font-size: 12pt; line-height: 115%; font-family: 'Times New Roman','serif'; mso-fareast-font-family: 'Times New Roman'; mso-fareast-language: DE;\">Ihre strategische, koordinierende, lenkende und beratende Funktion auf dem Gebiet des Opferschutzes umfasst insbesondere Aufgaben wie<\/span><\/p>\n<ul style=\"margin-top: 0cm;\" type=\"disc\">\n<li class=\"MsoNormal\"><span style=\"font-size: 12pt; line-height: 115%; font-family: 'Times New Roman','serif'; mso-fareast-font-family: 'Times New Roman'; mso-fareast-language: DE;\">die Organisation, Umsetzung und Fortentwicklung des Opferschutzes in der Beh\u00f6rde <\/span><\/li>\n<li class=\"MsoNormal\"><span style=\"font-size: 12pt; line-height: 115%; font-family: 'Times New Roman','serif'; mso-fareast-font-family: 'Times New Roman'; mso-fareast-language: DE;\">das Erheben, Analysieren und Bewerten opferorientierter Daten <\/span><\/li>\n<li class=\"MsoNormal\"><span style=\"font-size: 12pt; line-height: 115%; font-family: 'Times New Roman','serif'; mso-fareast-font-family: 'Times New Roman'; mso-fareast-language: DE;\">das Sammeln und Weiterleiten wissenschaftlicher Erkenntnisse und praktischer Erfahrungen zum Opferschutz <\/span><\/li>\n<li class=\"MsoNormal\"><span style=\"font-size: 12pt; line-height: 115%; font-family: 'Times New Roman','serif'; mso-fareast-font-family: 'Times New Roman'; mso-fareast-language: DE;\">die Mitwirkung bei der Erarbeitung opferbezogener Richtlinien und Dienstvorschriften sowie die Umsetzung von Gremienbeschl\u00fcssen <\/span><\/li>\n<li class=\"MsoNormal\"><span style=\"font-size: 12pt; line-height: 115%; font-family: 'Times New Roman','serif'; mso-fareast-font-family: 'Times New Roman'; mso-fareast-language: DE;\">das Erarbeiten von Konzepten, Handreichungen und Programmen <\/span><\/li>\n<li class=\"MsoNormal\"><span style=\"font-size: 12pt; line-height: 115%; font-family: 'Times New Roman','serif'; mso-fareast-font-family: 'Times New Roman'; mso-fareast-language: DE;\">den Aufbau und die Pflege eines Netzwerkes staatlicher und freier Tr\u00e4ger des Opferschutzes und der Opferunterst\u00fctzung <\/span><\/li>\n<li class=\"MsoNormal\"><span style=\"font-size: 12pt; line-height: 115%; font-family: 'Times New Roman','serif'; mso-fareast-font-family: 'Times New Roman'; mso-fareast-language: DE;\">die Mitarbeit in Gremien und Projektgruppen <\/span><\/li>\n<li class=\"MsoNormal\"><span style=\"font-size: 12pt; line-height: 115%; font-family: 'Times New Roman','serif'; mso-fareast-font-family: 'Times New Roman'; mso-fareast-language: DE;\">die Zusammenarbeit in Opferschutzfragen mit anderen Beh\u00f6rden und Einrichtungen <\/span><\/li>\n<li class=\"MsoNormal\"><span style=\"font-size: 12pt; line-height: 115%; font-family: 'Times New Roman','serif'; mso-fareast-font-family: 'Times New Roman'; mso-fareast-language: DE;\">die Einbindung von Fachdienststellen und Beauftragten in speziellen Opferfragen <\/span><\/li>\n<li class=\"MsoNormal\"><span style=\"font-size: 12pt; line-height: 115%; font-family: 'Times New Roman','serif'; mso-fareast-font-family: 'Times New Roman'; mso-fareast-language: DE;\">die Mitwirkung bei opferorientierten Pr\u00e4ventionsma\u00dfnahmen <\/span><\/li>\n<li class=\"MsoNormal\"><span style=\"font-size: 12pt; line-height: 115%; font-family: 'Times New Roman','serif'; mso-fareast-font-family: 'Times New Roman'; mso-fareast-language: DE;\">\u00d6ffentlichkeitsarbeit in Abstimmung mit der Pressestelle <\/span><\/li>\n<li class=\"MsoNormal\"><span style=\"font-size: 12pt; line-height: 115%; font-family: 'Times New Roman','serif'; mso-fareast-font-family: 'Times New Roman'; mso-fareast-language: DE;\">Unterst\u00fctzung der Aus- und Fortbildung in den Themenbereichen Opferschutz <\/span><\/li>\n<li class=\"MsoNormal\"><span style=\"font-size: 12pt; line-height: 115%; font-family: 'Times New Roman','serif'; mso-fareast-font-family: 'Times New Roman'; mso-fareast-language: DE;\">Anlaufstelle f\u00fcr allgemeine und spezielle Fragen des Opferschutzes <\/span><\/li>\n<li class=\"MsoNormal\"><span style=\"font-size: 12pt; line-height: 115%; font-family: 'Times New Roman','serif'; mso-fareast-font-family: 'Times New Roman'; mso-fareast-language: DE;\">Opferunterst\u00fctzung in herausragenden F\u00e4llen und <\/span><\/li>\n<li class=\"MsoNormal\"><span style=\"font-size: 12pt; line-height: 115%; font-family: 'Times New Roman','serif'; mso-fareast-font-family: 'Times New Roman'; mso-fareast-language: DE;\">das Erstellen eines periodischen Opferschutzberichtes.<\/span><\/li>\n<\/ul>\n<p class=\"MsoNormal\" style=\"margin: 0cm 0cm 0pt;\"><span style=\"font-size: 12pt; line-height: 115%; font-family: 'Times New Roman','serif'; mso-fareast-font-family: 'Times New Roman'; mso-fareast-language: DE;\">Mit dem ersten Schritt, der Ernennung von Opferschutzbeauftragten, wird die Bedeutung des Opferschutzes hervorgehoben und damit ein Signal f\u00fcr eine st\u00e4rkere Ber\u00fccksichtigung des Opferschutzes in der \u00d6ffentlichkeit und in den Polizeibeh\u00f6rden gesetzt.<\/span><\/p>\n","protected":false},"excerpt":{"rendered":"<p>Zu einer Begegnung mit gegenseitigem Kennenlernen und Erfahrungsaustausch trafen sich am 5. Februar 2009 Mitarbeiter der\u00a0Einsatzgruppe Saarpfalz-Kreis mit den Opferschutzbeauftragten des Polizeibezirks Saarpfalz, die ihren Sitz in Homburg, St. Ingbert und Blieskastel haben. Es wurden gemeinsame Eins\u00e4tze reflektiert und die M\u00f6glichkeiten der vertieften Zusammenarbeit besprochen, welche insbesondere die \u00dcbermittlung\u00a0einer Todesnachricht und die Betreuung nach einem [&hellip;]<\/p>\n","protected":false},"author":3,"featured_media":0,"comment_status":"closed","ping_status":"open","sticky":false,"template":"","format":"standard","meta":{"_eb_attr":"","_uag_custom_page_level_css":"","site-sidebar-layout":"default","site-content-layout":"","ast-site-content-layout":"default","site-content-style":"default","site-sidebar-style":"default","ast-global-header-display":"","ast-banner-title-visibility":"","ast-main-header-display":"","ast-hfb-above-header-display":"","ast-hfb-below-header-display":"","ast-hfb-mobile-header-display":"","site-post-title":"","ast-breadcrumbs-content":"","ast-featured-img":"","footer-sml-layout":"","theme-transparent-header-meta":"","adv-header-id-meta":"","stick-header-meta":"","header-above-stick-meta":"","header-main-stick-meta":"","header-below-stick-meta":"","astra-migrate-meta-layouts":"default","ast-page-background-enabled":"default","ast-page-background-meta":{"desktop":{"background-color":"var(--ast-global-color-4)","background-image":"","background-repeat":"repeat","background-position":"center center","background-size":"auto","background-attachment":"scroll","background-type":"","background-media":"","overlay-type":"","overlay-color":"","overlay-opacity":"","overlay-gradient":""},"tablet":{"background-color":"","background-image":"","background-repeat":"repeat","background-position":"center center","background-size":"auto","background-attachment":"scroll","background-type":"","background-media":"","overlay-type":"","overlay-color":"","overlay-opacity":"","overlay-gradient":""},"mobile":{"background-color":"","background-image":"","background-repeat":"repeat","background-position":"center center","background-size":"auto","background-attachment":"scroll","background-type":"","background-media":"","overlay-type":"","overlay-color":"","overlay-opacity":"","overlay-gradient":""}},"ast-content-background-meta":{"desktop":{"background-color":"var(--ast-global-color-5)","background-image":"","background-repeat":"repeat","background-position":"center center","background-size":"auto","background-attachment":"scroll","background-type":"","background-media":"","overlay-type":"","overlay-color":"","overlay-opacity":"","overlay-gradient":""},"tablet":{"background-color":"var(--ast-global-color-5)","background-image":"","background-repeat":"repeat","background-position":"center center","background-size":"auto","background-attachment":"scroll","background-type":"","background-media":"","overlay-type":"","overlay-color":"","overlay-opacity":"","overlay-gradient":""},"mobile":{"background-color":"var(--ast-global-color-5)","background-image":"","background-repeat":"repeat","background-position":"center center","background-size":"auto","background-attachment":"scroll","background-type":"","background-media":"","overlay-type":"","overlay-color":"","overlay-opacity":"","overlay-gradient":""}},"footnotes":""},"categories":[1],"tags":[25,29,26,24,30],"class_list":["post-221","post","type-post","status-publish","format-standard","hentry","category-allgemein","tag-betreuung","tag-opferschutz","tag-polizei","tag-schlagwort-hinzufugen","tag-zusammenarbeit"],"uagb_featured_image_src":{"full":false,"thumbnail":false,"medium":false,"medium_large":false,"large":false,"1536x1536":false,"2048x2048":false},"uagb_author_info":{"display_name":"Olaf Riebes","author_link":"https:\/\/notfallseelsorge.saarland\/index.php\/author\/olaf\/"},"uagb_comment_info":0,"uagb_excerpt":"Zu einer Begegnung mit gegenseitigem Kennenlernen und Erfahrungsaustausch trafen sich am 5. Februar 2009 Mitarbeiter der\u00a0Einsatzgruppe Saarpfalz-Kreis mit den Opferschutzbeauftragten des Polizeibezirks Saarpfalz, die ihren Sitz in Homburg, St. Ingbert und Blieskastel haben. Es wurden gemeinsame Eins\u00e4tze reflektiert und die M\u00f6glichkeiten der vertieften Zusammenarbeit besprochen, welche insbesondere die \u00dcbermittlung\u00a0einer Todesnachricht und die Betreuung nach einem&hellip;","_links":{"self":[{"href":"https:\/\/notfallseelsorge.saarland\/index.php\/wp-json\/wp\/v2\/posts\/221","targetHints":{"allow":["GET"]}}],"collection":[{"href":"https:\/\/notfallseelsorge.saarland\/index.php\/wp-json\/wp\/v2\/posts"}],"about":[{"href":"https:\/\/notfallseelsorge.saarland\/index.php\/wp-json\/wp\/v2\/types\/post"}],"author":[{"embeddable":true,"href":"https:\/\/notfallseelsorge.saarland\/index.php\/wp-json\/wp\/v2\/users\/3"}],"replies":[{"embeddable":true,"href":"https:\/\/notfallseelsorge.saarland\/index.php\/wp-json\/wp\/v2\/comments?post=221"}],"version-history":[{"count":15,"href":"https:\/\/notfallseelsorge.saarland\/index.php\/wp-json\/wp\/v2\/posts\/221\/revisions"}],"predecessor-version":[{"id":1292,"href":"https:\/\/notfallseelsorge.saarland\/index.php\/wp-json\/wp\/v2\/posts\/221\/revisions\/1292"}],"wp:attachment":[{"href":"https:\/\/notfallseelsorge.saarland\/index.php\/wp-json\/wp\/v2\/media?parent=221"}],"wp:term":[{"taxonomy":"category","embeddable":true,"href":"https:\/\/notfallseelsorge.saarland\/index.php\/wp-json\/wp\/v2\/categories?post=221"},{"taxonomy":"post_tag","embeddable":true,"href":"https:\/\/notfallseelsorge.saarland\/index.php\/wp-json\/wp\/v2\/tags?post=221"}],"curies":[{"name":"wp","href":"https:\/\/api.w.org\/{rel}","templated":true}]}}