{"id":611,"date":"2011-03-17T15:15:12","date_gmt":"2011-03-17T14:15:12","guid":{"rendered":"http:\/\/www.psnv-saarland.de\/?p=611"},"modified":"2014-04-21T18:37:01","modified_gmt":"2014-04-21T17:37:01","slug":"funf-neue-einsatzkrafte-in-der-notfallseelsorge-saarland","status":"publish","type":"post","link":"https:\/\/notfallseelsorge.saarland\/index.php\/blog\/allgemein\/funf-neue-einsatzkrafte-in-der-notfallseelsorge-saarland\/","title":{"rendered":"F\u00fcnf neue Einsatzkr\u00e4fte in der Notfallseelsorge Saarland"},"content":{"rendered":"<p>Saarbr\u00fccken. \u201eDie Mitarbeit in der Notfallseelsorge geht nur gut, wenn es euch selbst damit gut geht\u201c, sagte Hans-Lothar H\u00f6lscher (1. Vorsitzender der Notfallseelsorge und Krisenintervention Saarland e.V.) zu den Absolventen und begl\u00fcckw\u00fcnschte die Teilnehmer zum erfolgreichen Abschluss der Ausbildung. Er bedankte sich f\u00fcr ihr engagiertes Lernen und w\u00fcnschte ihnen alles Gute f\u00fcr den Einsatzdienst. Pfarrer H\u00f6lscher ermutigte die angehenden Notfallseelsorger, die eigenen Belastungen gemeinsam mit der Einsatzgruppe im Blick zu behalten und \u201egut mit sich selber umzugehen.\u201c<\/p>\n<p>In einer kleinen Feier \u00fcberreichte Ausbildungsleiter Dipl.-Psych. Christoph Fleck jedem Absolventen das Zertifikat und w\u00fcnschte allen eine erfolgreiche Arbeit und eine gute Heimkehr von den Eins\u00e4tzen.<!--more--><\/p>\n<p>Ausbildungsleiter Fleck ermunterte die Absolventen mit den Worten: \u201eDas Chassis ist fertig, der Rest kommt im Praktischen\u201c, das Gelernte zu vertiefen und in einen dauerhaften Prozess des Weiterlernens einzusteigen. Der Ausbildungsjahrgang 2010-2011 wurde erstmals nach der neuen saarl\u00e4ndischen Ausbildungsordnung geschult, die ma\u00dfgeblich von Christoph Fleck erstellt wurde.<\/p>\n<p>Die gesamte theoretische Ausbildung einschlie\u00dflich Pr\u00fcfung und \u00dcbergabe der Zertifikate fand in den R\u00e4umlichkeiten der Hochschule f\u00fcr Technik und Wirtschaft (HTW) in Saarbr\u00fccken statt. Der Rektor der HTW, Prof. Dr. Wolfgang Cornetz, hatte die Schulungsr\u00e4ume mit ihrer technischen Ausstattung dankenswerterweise kostenfrei zur Verf\u00fcgung gestellt.<\/p>\n<p>In der NKS mitarbeiten darf jeder, der sich in diesem Bereich ehrenamtlich engagieren m\u00f6chte und der die Bedingungen der Eignung und Ausbildung erf\u00fcllt. Die Bewerbungsfrist f\u00fcr das neue Ausbildungsjahr endet am 31. M\u00e4rz (Bewerbungsunterlagen im Internet unter: psnv-saarland.de &gt;Machen Sie mit&lt;).<\/p>\n<p><a href=\"http:\/\/www.psnv-saarland.de\/wp-content\/uploads\/Ausbildungsabschluss-Notfallseelsorge-2011-1.jpg\"><img loading=\"lazy\" decoding=\"async\" class=\"alignnone size-medium wp-image-612\" src=\"http:\/\/www.psnv-saarland.de\/wp-content\/uploads\/Ausbildungsabschluss-Notfallseelsorge-2011-1-300x174.jpg\" alt=\"Ausbildungsgruppe 2011\" width=\"300\" height=\"174\" srcset=\"https:\/\/notfallseelsorge.saarland\/wp-content\/uploads\/Ausbildungsabschluss-Notfallseelsorge-2011-1-300x174.jpg 300w, https:\/\/notfallseelsorge.saarland\/wp-content\/uploads\/Ausbildungsabschluss-Notfallseelsorge-2011-1-1024x596.jpg 1024w\" sizes=\"auto, (max-width: 300px) 100vw, 300px\" \/><\/a><\/p>\n<p>Dozenten und Absolventen v.l.n.r.: Christoph Fleck (Dozent, Ausbildungsleiter), Robert Kolatzek (Einsatzgruppe Saarbr\u00fccken), Anna Luckas (Einsatzgruppe Merzig-Wadern), Karin Strempel (Dozentin), Jens-Uwe Stobbe (Einsatzgruppe Saarbr\u00fccken), Gabi Becker-Pusse (Einsatzgruppe St. Wendel), Hans-Lothar H\u00f6lscher (Dozent, 1. Vorsitzender), Olaf Riebes (Dozent, Vorstand). Es fehlt Manuela Dahm (Einsatzgruppe Merzig-Wadern).<\/p>\n","protected":false},"excerpt":{"rendered":"<p>Saarbr\u00fccken. \u201eDie Mitarbeit in der Notfallseelsorge geht nur gut, wenn es euch selbst damit gut geht\u201c, sagte Hans-Lothar H\u00f6lscher (1. Vorsitzender der Notfallseelsorge und Krisenintervention Saarland e.V.) zu den Absolventen und begl\u00fcckw\u00fcnschte die Teilnehmer zum erfolgreichen Abschluss der Ausbildung. Er bedankte sich f\u00fcr ihr engagiertes Lernen und w\u00fcnschte ihnen alles Gute f\u00fcr den Einsatzdienst. Pfarrer [&hellip;]<\/p>\n","protected":false},"author":3,"featured_media":0,"comment_status":"closed","ping_status":"open","sticky":false,"template":"","format":"standard","meta":{"_eb_attr":"","_uag_custom_page_level_css":"","site-sidebar-layout":"default","site-content-layout":"","ast-site-content-layout":"default","site-content-style":"default","site-sidebar-style":"default","ast-global-header-display":"","ast-banner-title-visibility":"","ast-main-header-display":"","ast-hfb-above-header-display":"","ast-hfb-below-header-display":"","ast-hfb-mobile-header-display":"","site-post-title":"","ast-breadcrumbs-content":"","ast-featured-img":"","footer-sml-layout":"","theme-transparent-header-meta":"","adv-header-id-meta":"","stick-header-meta":"","header-above-stick-meta":"","header-main-stick-meta":"","header-below-stick-meta":"","astra-migrate-meta-layouts":"default","ast-page-background-enabled":"default","ast-page-background-meta":{"desktop":{"background-color":"var(--ast-global-color-4)","background-image":"","background-repeat":"repeat","background-position":"center center","background-size":"auto","background-attachment":"scroll","background-type":"","background-media":"","overlay-type":"","overlay-color":"","overlay-opacity":"","overlay-gradient":""},"tablet":{"background-color":"","background-image":"","background-repeat":"repeat","background-position":"center center","background-size":"auto","background-attachment":"scroll","background-type":"","background-media":"","overlay-type":"","overlay-color":"","overlay-opacity":"","overlay-gradient":""},"mobile":{"background-color":"","background-image":"","background-repeat":"repeat","background-position":"center center","background-size":"auto","background-attachment":"scroll","background-type":"","background-media":"","overlay-type":"","overlay-color":"","overlay-opacity":"","overlay-gradient":""}},"ast-content-background-meta":{"desktop":{"background-color":"var(--ast-global-color-5)","background-image":"","background-repeat":"repeat","background-position":"center center","background-size":"auto","background-attachment":"scroll","background-type":"","background-media":"","overlay-type":"","overlay-color":"","overlay-opacity":"","overlay-gradient":""},"tablet":{"background-color":"var(--ast-global-color-5)","background-image":"","background-repeat":"repeat","background-position":"center center","background-size":"auto","background-attachment":"scroll","background-type":"","background-media":"","overlay-type":"","overlay-color":"","overlay-opacity":"","overlay-gradient":""},"mobile":{"background-color":"var(--ast-global-color-5)","background-image":"","background-repeat":"repeat","background-position":"center center","background-size":"auto","background-attachment":"scroll","background-type":"","background-media":"","overlay-type":"","overlay-color":"","overlay-opacity":"","overlay-gradient":""}},"footnotes":""},"categories":[1,9,6],"tags":[86,85,96,52],"class_list":["post-611","post","type-post","status-publish","format-standard","hentry","category-allgemein","category-in-eigener-sache","category-pressearbeit","tag-ausbildung","tag-notfallbegleiter","tag-psnv-fachkraft","tag-psu-helfer"],"uagb_featured_image_src":{"full":false,"thumbnail":false,"medium":false,"medium_large":false,"large":false,"1536x1536":false,"2048x2048":false},"uagb_author_info":{"display_name":"Olaf Riebes","author_link":"https:\/\/notfallseelsorge.saarland\/index.php\/author\/olaf\/"},"uagb_comment_info":0,"uagb_excerpt":"Saarbr\u00fccken. \u201eDie Mitarbeit in der Notfallseelsorge geht nur gut, wenn es euch selbst damit gut geht\u201c, sagte Hans-Lothar H\u00f6lscher (1. Vorsitzender der Notfallseelsorge und Krisenintervention Saarland e.V.) zu den Absolventen und begl\u00fcckw\u00fcnschte die Teilnehmer zum erfolgreichen Abschluss der Ausbildung. Er bedankte sich f\u00fcr ihr engagiertes Lernen und w\u00fcnschte ihnen alles Gute f\u00fcr den Einsatzdienst. Pfarrer&hellip;","_links":{"self":[{"href":"https:\/\/notfallseelsorge.saarland\/index.php\/wp-json\/wp\/v2\/posts\/611","targetHints":{"allow":["GET"]}}],"collection":[{"href":"https:\/\/notfallseelsorge.saarland\/index.php\/wp-json\/wp\/v2\/posts"}],"about":[{"href":"https:\/\/notfallseelsorge.saarland\/index.php\/wp-json\/wp\/v2\/types\/post"}],"author":[{"embeddable":true,"href":"https:\/\/notfallseelsorge.saarland\/index.php\/wp-json\/wp\/v2\/users\/3"}],"replies":[{"embeddable":true,"href":"https:\/\/notfallseelsorge.saarland\/index.php\/wp-json\/wp\/v2\/comments?post=611"}],"version-history":[{"count":20,"href":"https:\/\/notfallseelsorge.saarland\/index.php\/wp-json\/wp\/v2\/posts\/611\/revisions"}],"predecessor-version":[{"id":1028,"href":"https:\/\/notfallseelsorge.saarland\/index.php\/wp-json\/wp\/v2\/posts\/611\/revisions\/1028"}],"wp:attachment":[{"href":"https:\/\/notfallseelsorge.saarland\/index.php\/wp-json\/wp\/v2\/media?parent=611"}],"wp:term":[{"taxonomy":"category","embeddable":true,"href":"https:\/\/notfallseelsorge.saarland\/index.php\/wp-json\/wp\/v2\/categories?post=611"},{"taxonomy":"post_tag","embeddable":true,"href":"https:\/\/notfallseelsorge.saarland\/index.php\/wp-json\/wp\/v2\/tags?post=611"}],"curies":[{"name":"wp","href":"https:\/\/api.w.org\/{rel}","templated":true}]}}